{"id":4108,"date":"2023-03-22T21:21:55","date_gmt":"2023-03-22T20:21:55","guid":{"rendered":"https:\/\/www.siapmicros.com\/siapmicros-ha-presentato-la-misura-dei-parametri-idrometeorologici-nei-grandi-eventi-climatici-lesempio-dellevento-vaia-nel-bacino-del-piave-durante-la-giornata-mondiale-dell\/"},"modified":"2023-08-02T11:07:27","modified_gmt":"2023-08-02T09:07:27","slug":"siapmicros-ha-presentato-la-misura-dei-parametri-idrometeorologici-nei-grandi-eventi-climatici-lesempio-dellevento-vaia-nel-bacino-del-piave-durante-la-giornata-mondiale-dell","status":"publish","type":"post","link":"https:\/\/www.siapmicros.com\/es\/siapmicros-ha-presentato-la-misura-dei-parametri-idrometeorologici-nei-grandi-eventi-climatici-lesempio-dellevento-vaia-nel-bacino-del-piave-durante-la-giornata-mondiale-dell\/","title":{"rendered":"SIAP+MICROS presenta \u00abLa medici\u00f3n de par\u00e1metros hidrometeorol\u00f3gicos en grandes eventos clim\u00e1ticos: el ejemplo del evento Vaia en la cuenca del Piave\u00bb durante el D\u00eda Mundial del Agua."},"content":{"rendered":"\n<p class=\"has-text-align-right\">22 Marzo 2023<\/p>\n\n\n\n<p>Una importante concurrencia y la participaci\u00f3n de un grupo excepcional de expertos en el sector llevaron a un importante \u00e9xito, en la fecha del D\u00eda Mundial del Agua, para la Conferencia \u00abRiesgo clim\u00e1tico en el noreste de Italia e iniciativas de adaptaci\u00f3n en \u00e1reas urbanas y agr\u00edcolas\u00bb.<\/p>\n\n\n\n<p>El Auditorio del hist\u00f3rico Jard\u00edn Bot\u00e1nico de la Universidad de Padua ha sido testigo de una sucesi\u00f3n de presentaciones e intervenciones de muy alto perfil, todas caracterizadas por un nivel muy alto de contenido informativo y de reflexi\u00f3n.<\/p>\n\n\n\n<p>La gran variedad de argumentos, abordados por representantes de organismos p\u00fablicos, universidades y empresas, permiti\u00f3 mantener siempre alto el inter\u00e9s de toda la audiencia, dando lugar tambi\u00e9n a debates durante los descansos previstos para la jornada.<\/p>\n\n\n\n<p>SIAP+MICROS pudo compartir el punto de vista de una empresa que apoya a los \u00f3rganos rectores del territorio de inter\u00e9s para la Jornada de Estudio, con una ponencia titulada \u201c<em>La medici\u00f3n de par\u00e1metros hidrometeorol\u00f3gicos en grandes eventos clim\u00e1ticos: el ejemplo del evento Vaia en la Cuenca del Piave<\/em>\u201d.<\/p>\n\n\n\n<p>Con im\u00e1genes representativas y un tratamiento num\u00e9rico f\u00e1cilmente comprensible, fue posible llamar la atenci\u00f3n de los participantes sobre el car\u00e1cter excepcional del evento extremo que azot\u00f3 la regi\u00f3n del Triveneto entre el 26 y el 30 de octubre de 2018. Considerando el tema \u00abagua\u00bb como central para el Conferencia, la presentaci\u00f3n se centr\u00f3 m\u00e1s en los datos pluviom\u00e9tricos e hidrom\u00e9tricos, detectados por los instrumentos Siap+Micros, y en las reflexiones t\u00e9cnicas que fueron necesarias una vez finalizada la fase dram\u00e1tica de la Tormenta. De hecho, despu\u00e9s del evento, las actividades concertadas entre Siap+Micros y Arpa Veneto hicieron posible una evoluci\u00f3n efectiva de la red hidrometeorol\u00f3gica regional, con particular referencia a la reducci\u00f3n del tiempo de transmisi\u00f3n de datos.<\/p>\n\n\n<div class=\"wp-block-image\">\n<figure class=\"aligncenter size-large\"><img loading=\"lazy\" decoding=\"async\" width=\"700\" height=\"394\" src=\"https:\/\/www.siapmicros.com\/wp-content\/uploads\/2023\/03\/WhatsApp-Image-2023-03-22-at-20.42.05-700x394.jpeg\" alt=\"\" class=\"wp-image-3498\" srcset=\"https:\/\/www.siapmicros.com\/wp-content\/uploads\/2023\/03\/WhatsApp-Image-2023-03-22-at-20.42.05-700x394.jpeg 700w, https:\/\/www.siapmicros.com\/wp-content\/uploads\/2023\/03\/WhatsApp-Image-2023-03-22-at-20.42.05-250x141.jpeg 250w, https:\/\/www.siapmicros.com\/wp-content\/uploads\/2023\/03\/WhatsApp-Image-2023-03-22-at-20.42.05-768x432.jpeg 768w, https:\/\/www.siapmicros.com\/wp-content\/uploads\/2023\/03\/WhatsApp-Image-2023-03-22-at-20.42.05-1536x864.jpeg 1536w, https:\/\/www.siapmicros.com\/wp-content\/uploads\/2023\/03\/WhatsApp-Image-2023-03-22-at-20.42.05-120x68.jpeg 120w, https:\/\/www.siapmicros.com\/wp-content\/uploads\/2023\/03\/WhatsApp-Image-2023-03-22-at-20.42.05.jpeg 1600w\" sizes=\"auto, (max-width: 700px) 100vw, 700px\" \/><figcaption class=\"wp-element-caption\">Figura 1 &#8211; Presentaci\u00f3n de Siap+Micros en la Conferencia<\/figcaption><\/figure>\n<\/div>\n\n<div class=\"wp-block-image\">\n<figure class=\"aligncenter size-large\"><img loading=\"lazy\" decoding=\"async\" width=\"700\" height=\"525\" src=\"https:\/\/www.siapmicros.com\/wp-content\/uploads\/2023\/03\/WhatsApp-Image-2023-03-22-at-19.24.08-700x525.jpeg\" alt=\"\" class=\"wp-image-3493\" srcset=\"https:\/\/www.siapmicros.com\/wp-content\/uploads\/2023\/03\/WhatsApp-Image-2023-03-22-at-19.24.08-700x525.jpeg 700w, https:\/\/www.siapmicros.com\/wp-content\/uploads\/2023\/03\/WhatsApp-Image-2023-03-22-at-19.24.08-250x188.jpeg 250w, https:\/\/www.siapmicros.com\/wp-content\/uploads\/2023\/03\/WhatsApp-Image-2023-03-22-at-19.24.08-768x576.jpeg 768w, https:\/\/www.siapmicros.com\/wp-content\/uploads\/2023\/03\/WhatsApp-Image-2023-03-22-at-19.24.08-1536x1152.jpeg 1536w, https:\/\/www.siapmicros.com\/wp-content\/uploads\/2023\/03\/WhatsApp-Image-2023-03-22-at-19.24.08-120x90.jpeg 120w, https:\/\/www.siapmicros.com\/wp-content\/uploads\/2023\/03\/WhatsApp-Image-2023-03-22-at-19.24.08.jpeg 1600w\" sizes=\"auto, (max-width: 700px) 100vw, 700px\" \/><figcaption class=\"wp-element-caption\">Figura 2 &#8211; Un fotograma de la presentaci\u00f3n de Siap+Micros<\/figcaption><\/figure>\n<\/div>\n\n\n<p class=\"has-small-font-size\">Foto Anteprima &#8211; Credits @ Consorzio di Bonifica Piave<\/p>\n","protected":false},"excerpt":{"rendered":"22 Marzo 2023 Una importante concurrencia y la participaci\u00f3n de un grupo excepcional de expertos en el sector llevaron a un importante \u00e9xito, en la fecha del D\u00eda Mundial del Agua, para la Conferencia \u00abRiesgo clim\u00e1tico en el noreste de Italia e iniciativas de adaptaci\u00f3n en \u00e1reas urbanas y agr\u00edcolas\u00bb. El Auditorio del hist\u00f3rico Jard\u00edn&#8230; <a class=\"view-article\" href=\"https:\/\/www.siapmicros.com\/es\/siapmicros-ha-presentato-la-misura-dei-parametri-idrometeorologici-nei-grandi-eventi-climatici-lesempio-dellevento-vaia-nel-bacino-del-piave-durante-la-giornata-mondiale-dell\/\">Ver art\u00edculo<\/a>","protected":false},"author":1,"featured_media":3512,"comment_status":"open","ping_status":"open","sticky":false,"template":"","format":"standard","meta":{"inline_featured_image":false,"footnotes":""},"categories":[8],"tags":[],"class_list":["post-4108","post","type-post","status-publish","format-standard","has-post-thumbnail","hentry","category-sin-categorizar"],"acf":[],"_links":{"self":[{"href":"https:\/\/www.siapmicros.com\/es\/wp-json\/wp\/v2\/posts\/4108","targetHints":{"allow":["GET"]}}],"collection":[{"href":"https:\/\/www.siapmicros.com\/es\/wp-json\/wp\/v2\/posts"}],"about":[{"href":"https:\/\/www.siapmicros.com\/es\/wp-json\/wp\/v2\/types\/post"}],"author":[{"embeddable":true,"href":"https:\/\/www.siapmicros.com\/es\/wp-json\/wp\/v2\/users\/1"}],"replies":[{"embeddable":true,"href":"https:\/\/www.siapmicros.com\/es\/wp-json\/wp\/v2\/comments?post=4108"}],"version-history":[{"count":1,"href":"https:\/\/www.siapmicros.com\/es\/wp-json\/wp\/v2\/posts\/4108\/revisions"}],"predecessor-version":[{"id":4110,"href":"https:\/\/www.siapmicros.com\/es\/wp-json\/wp\/v2\/posts\/4108\/revisions\/4110"}],"wp:featuredmedia":[{"embeddable":true,"href":"https:\/\/www.siapmicros.com\/es\/wp-json\/wp\/v2\/media\/3512"}],"wp:attachment":[{"href":"https:\/\/www.siapmicros.com\/es\/wp-json\/wp\/v2\/media?parent=4108"}],"wp:term":[{"taxonomy":"category","embeddable":true,"href":"https:\/\/www.siapmicros.com\/es\/wp-json\/wp\/v2\/categories?post=4108"},{"taxonomy":"post_tag","embeddable":true,"href":"https:\/\/www.siapmicros.com\/es\/wp-json\/wp\/v2\/tags?post=4108"}],"curies":[{"name":"wp","href":"https:\/\/api.w.org\/{rel}","templated":true}]}}